{"id":2521,"date":"2020-09-11T09:38:52","date_gmt":"2020-09-11T14:38:52","guid":{"rendered":"https:\/\/grupolyown.com\/?p=2521"},"modified":"2020-09-11T09:38:52","modified_gmt":"2020-09-11T14:38:52","slug":"yotambiensoylider","status":"publish","type":"post","link":"https:\/\/grupolyown.com\/en\/yotambiensoylider\/","title":{"rendered":"I am also a Leader!"},"content":{"rendered":"<p>Currently there is a misconception among Colombian millennial and centennial workers that only those collaborators who hold a high position in companies, who have staff in charge and\/or who are managing a project can be leaders. The idea of \u200b\u200bthis article is to contest this concept and delve deeper into what it means to be leaders.<\/p>\n\n\n\n<p>For me, a leader is a person who has specific human skills that allow him or her to have fluid work, excellent interpersonal relationships, and a generally balanced life. When we look closely at this definition, which as I indicate is developed according to my experience, we can realize that leadership must always be focused on ourselves as human beings. The idea is that through this set of skills we can be references of good for the community that constantly observes our behavior.<\/p>\n\n\n\n<p>In this order of ideas, the simple fact of having established activities for the development of your work as a collaborator of a company, makes you have a leadership role in relation to your management, which will help you stand out and be assertive in achieving and achieving your own goals and objectives.<\/p>\n\n\n\n<p>In this way, we can realize that any role you play in the company, no matter how small you think it is, will allow you to fully exploit your profile as a professional and above all you will be able to say, <strong>\u00a1yo tambi\u00e9n soy l\u00edder!<\/strong><\/p>\n\n\n\n<p class=\"has-text-align-center\"><strong>AUTHOR<\/strong><br>Manuel Caicedo Fuentes<br>Partner at Lyown Holding<br>Executive Vice President of Lyown Group<\/p>","protected":false},"excerpt":{"rendered":"<p>Actualmente existe una idea err\u00f3nea entre los trabajadores millennials y centennials colombianos que consiste en que s\u00f3lo pueden ser l\u00edderes aquellos colaboradores que ostenten un cargo alto en las empresas, que tenga personal a cargo y\/o quienes est\u00e9n gerenciando alg\u00fan proyecto. La idea de este art\u00edculo es controvertir este concepto y profundizar en lo que [&hellip;]<\/p>","protected":false},"author":1,"featured_media":2522,"comment_status":"open","ping_status":"open","sticky":false,"template":"","format":"standard","meta":{"om_disable_all_campaigns":false,"_monsterinsights_skip_tracking":false,"_monsterinsights_sitenote_active":false,"_monsterinsights_sitenote_note":"","_monsterinsights_sitenote_category":0,"_joinchat":[],"footnotes":""},"categories":[1],"tags":[],"class_list":["post-2521","post","type-post","status-publish","format-standard","has-post-thumbnail","hentry","category-noticias"],"aioseo_notices":[],"_links":{"self":[{"href":"https:\/\/grupolyown.com\/en\/wp-json\/wp\/v2\/posts\/2521","targetHints":{"allow":["GET"]}}],"collection":[{"href":"https:\/\/grupolyown.com\/en\/wp-json\/wp\/v2\/posts"}],"about":[{"href":"https:\/\/grupolyown.com\/en\/wp-json\/wp\/v2\/types\/post"}],"author":[{"embeddable":true,"href":"https:\/\/grupolyown.com\/en\/wp-json\/wp\/v2\/users\/1"}],"replies":[{"embeddable":true,"href":"https:\/\/grupolyown.com\/en\/wp-json\/wp\/v2\/comments?post=2521"}],"version-history":[{"count":0,"href":"https:\/\/grupolyown.com\/en\/wp-json\/wp\/v2\/posts\/2521\/revisions"}],"wp:featuredmedia":[{"embeddable":true,"href":"https:\/\/grupolyown.com\/en\/wp-json\/wp\/v2\/media\/2522"}],"wp:attachment":[{"href":"https:\/\/grupolyown.com\/en\/wp-json\/wp\/v2\/media?parent=2521"}],"wp:term":[{"taxonomy":"category","embeddable":true,"href":"https:\/\/grupolyown.com\/en\/wp-json\/wp\/v2\/categories?post=2521"},{"taxonomy":"post_tag","embeddable":true,"href":"https:\/\/grupolyown.com\/en\/wp-json\/wp\/v2\/tags?post=2521"}],"curies":[{"name":"wp","href":"https:\/\/api.w.org\/{rel}","templated":true}]}}